{"id":4099,"date":"2021-04-26T06:54:49","date_gmt":"2021-04-26T06:54:49","guid":{"rendered":"https:\/\/www.taste-africa.com\/?p=4099"},"modified":"2022-10-11T06:33:26","modified_gmt":"2022-10-11T06:33:26","slug":"african-coffee","status":"publish","type":"post","link":"https:\/\/www.taste-africa.com\/sv\/african-coffee\/","title":{"rendered":"African coffee"},"content":{"rendered":"<div data-elementor-type=\"wp-post\" data-elementor-id=\"4099\" class=\"elementor elementor-4099\" data-elementor-post-type=\"post\">\n\t\t\t\t\t\t<section class=\"elementor-section elementor-top-section elementor-element elementor-element-ad7bbfd elementor-section-full_width elementor-section-height-default elementor-section-height-default\" data-id=\"ad7bbfd\" data-element_type=\"section\" data-e-type=\"section\">\n\t\t\t\t\t\t<div class=\"elementor-container elementor-column-gap-default\">\n\t\t\t\t\t<div class=\"elementor-column elementor-col-100 elementor-top-column elementor-element elementor-element-13ddbc5\" data-id=\"13ddbc5\" data-element_type=\"column\" data-e-type=\"column\" data-settings=\"{&quot;background_background&quot;:&quot;classic&quot;}\">\n\t\t\t<div class=\"elementor-widget-wrap elementor-element-populated\">\n\t\t\t\t\t\t<div class=\"elementor-element elementor-element-2f905ab elementor-hidden-desktop elementor-hidden-tablet elementor-hidden-phone elementor-widget elementor-widget-html\" data-id=\"2f905ab\" data-element_type=\"widget\" data-e-type=\"widget\" data-widget_type=\"html.default\">\n\t\t\t\t<div class=\"elementor-widget-container\">\n\t\t\t\t\t<style>\n    .freshio-breadcrumb{\n        display:none !important;\n    }\n<\/style>\t\t\t\t<\/div>\n\t\t\t\t<\/div>\n\t\t\t\t<div class=\"elementor-element elementor-element-9f6c664 elementor-widget elementor-widget-heading\" data-id=\"9f6c664\" data-element_type=\"widget\" data-e-type=\"widget\" data-widget_type=\"heading.default\">\n\t\t\t\t<div class=\"elementor-widget-container\">\n\t\t\t\t\t<h2 class=\"elementor-heading-title elementor-size-default\">Taste of Africa kaffe - Freshly Ground arabica<\/h2>\t\t\t\t<\/div>\n\t\t\t\t<\/div>\n\t\t\t\t<div class=\"elementor-element elementor-element-ddeab2a elementor-widget-divider--view-line elementor-widget elementor-widget-divider\" data-id=\"ddeab2a\" data-element_type=\"widget\" data-e-type=\"widget\" data-widget_type=\"divider.default\">\n\t\t\t\t<div class=\"elementor-widget-container\">\n\t\t\t\t\t\t\t<div class=\"elementor-divider\">\n\t\t\t<span class=\"elementor-divider-separator\">\n\t\t\t\t\t\t<\/span>\n\t\t<\/div>\n\t\t\t\t\t\t<\/div>\n\t\t\t\t<\/div>\n\t\t\t\t<div class=\"elementor-element elementor-element-c40f343 elementor-widget elementor-widget-text-editor\" data-id=\"c40f343\" data-element_type=\"widget\" data-e-type=\"widget\" data-widget_type=\"text-editor.default\">\n\t\t\t\t<div class=\"elementor-widget-container translation-block\">Freshly ground arabica \u00e4r ett rikt aromatiskt kaffe som tillverkas av de finaste arabicab\u00f6norna fr\u00e5n kaffeplantan <i>Coffea arabica<\/i>. Det \u00e4r ett unikt kaffe som bara paketeras f\u00f6r Taste of Africa p\u00e5 ett rosteri i Kapstaden, omgivet av b\u00f6ljande ving\u00e5rdar \u00e5t ena h\u00e5llet och Table Mountain och havet \u00e5t andra h\u00e5llet. Det h\u00e4r kafferosteriet \u00e4r experter p\u00e5 att hitta exakt r\u00e4tt kombination av b\u00f6nor som beh\u00f6vs f\u00f6r att g\u00f6ra just v\u00e5r kaffeblandning. Majoriteten av b\u00f6norna kommer fr\u00e5n plantager i afrikanska l\u00e4nder s\u00e5 som Rwanda, Uganda och Kenya. De ger kaffet en grundton, en fruktig s\u00f6tma och en aning citrus i smaken. Vid sidan om de afrikanska kaffeb\u00f6norna, anv\u00e4nder vi ocks\u00e5 kaffe fr\u00e5n Sydamerika f\u00f6r att ge kaffet en n\u00f6tig, men ocks\u00e5 lite chokladig fyllighet. Sedan 2007 har vi s\u00e5lt den h\u00e4r fantastiska kaffeblandningen i tv\u00e5 rostningar; <b>Freshly ground arabica medium<\/b>, som \u00e4r v\u00e5rt mellanrostade kaffe och <b>Freshly ground arabica dark<\/b>, som \u00e4r v\u00e5rt m\u00f6rkrostade kaffe. N\u00e4r vi reser till Kapstaden, sitter vi g\u00e4rna ner tillsammans med v\u00e5r lokala 'coffee blender' och provsmakar \u00e5rets version av v\u00e5r blandning innan det nyrostade kaffet packas perfekt i luftt\u00e4ta f\u00f6rpackningar.<\/div>\n\t\t\t\t<\/div>\n\t\t\t\t<section class=\"elementor-section elementor-inner-section elementor-element elementor-element-895387d elementor-section-boxed elementor-section-height-default elementor-section-height-default\" data-id=\"895387d\" data-element_type=\"section\" data-e-type=\"section\">\n\t\t\t\t\t\t<div class=\"elementor-container elementor-column-gap-default\">\n\t\t\t\t\t<div class=\"elementor-column elementor-col-33 elementor-inner-column elementor-element elementor-element-d400249\" data-id=\"d400249\" data-element_type=\"column\" data-e-type=\"column\">\n\t\t\t<div class=\"elementor-widget-wrap elementor-element-populated\">\n\t\t\t\t\t\t<div class=\"elementor-element elementor-element-2eb9cf5 full-width elementor-widget elementor-widget-image\" data-id=\"2eb9cf5\" data-element_type=\"widget\" data-e-type=\"widget\" data-widget_type=\"image.default\">\n\t\t\t\t<div class=\"elementor-widget-container\">\n\t\t\t\t\t\t\t\t\t\t\t\t\t\t\t<img fetchpriority=\"high\" decoding=\"async\" width=\"960\" height=\"960\" src=\"https:\/\/www.taste-africa.com\/wp-content\/uploads\/2021\/04\/Kaffet-lada.jpeg\" class=\"attachment-large size-large wp-image-6086\" alt=\"\" srcset=\"https:\/\/www.taste-africa.com\/wp-content\/uploads\/2021\/04\/Kaffet-lada.jpeg 960w, https:\/\/www.taste-africa.com\/wp-content\/uploads\/2021\/04\/Kaffet-lada-500x500.jpeg 500w, https:\/\/www.taste-africa.com\/wp-content\/uploads\/2021\/04\/Kaffet-lada-100x100.jpeg 100w, https:\/\/www.taste-africa.com\/wp-content\/uploads\/2021\/04\/Kaffet-lada-950x950.jpeg 950w, https:\/\/www.taste-africa.com\/wp-content\/uploads\/2021\/04\/Kaffet-lada-300x300.jpeg 300w, https:\/\/www.taste-africa.com\/wp-content\/uploads\/2021\/04\/Kaffet-lada-150x150.jpeg 150w, https:\/\/www.taste-africa.com\/wp-content\/uploads\/2021\/04\/Kaffet-lada-768x768.jpeg 768w, https:\/\/www.taste-africa.com\/wp-content\/uploads\/2021\/04\/Kaffet-lada-12x12.jpeg 12w, https:\/\/www.taste-africa.com\/wp-content\/uploads\/2021\/04\/Kaffet-lada-460x460.jpeg 460w\" sizes=\"(max-width: 960px) 100vw, 960px\" \/>\t\t\t\t\t\t\t\t\t\t\t\t\t\t\t<\/div>\n\t\t\t\t<\/div>\n\t\t\t\t\t<\/div>\n\t\t<\/div>\n\t\t\t\t<div class=\"elementor-column elementor-col-66 elementor-inner-column elementor-element elementor-element-7947490\" data-id=\"7947490\" data-element_type=\"column\" data-e-type=\"column\">\n\t\t\t<div class=\"elementor-widget-wrap elementor-element-populated\">\n\t\t\t\t\t\t<div class=\"elementor-element elementor-element-57685e0 elementor-widget elementor-widget-html\" data-id=\"57685e0\" data-element_type=\"widget\" data-e-type=\"widget\" data-widget_type=\"html.default\">\n\t\t\t\t<div class=\"elementor-widget-container\">\n\t\t\t\t\t<a  href=\"#\" ><h4 style=\"color:#333333 !important\">Taste of Africa freshly ground medium - mellanrostat arabicakaffe \r\n<\/h4><\/a>\t\t\t\t<\/div>\n\t\t\t\t<\/div>\n\t\t\t\t<div class=\"elementor-element elementor-element-4d6f66c elementor-widget elementor-widget-text-editor\" data-id=\"4d6f66c\" data-element_type=\"widget\" data-e-type=\"widget\" data-widget_type=\"text-editor.default\">\n\t\t\t\t<div class=\"elementor-widget-container\">\n\t\t\t\t\t\t\t\t\t<p class=\"translation-block\">Ingredienser: 100 % mellanrostade arabica kaffeb\u00f6nor, inga tillsatser eller smak\u00e4mnen. Nettovikt 250 g. \u00c5tervinn den h\u00e4r f\u00f6rpackningen som plast. Den h\u00e4r blandningen kommer som ett malet kaffe som passar till din vanliga kaffebryggare eller bistrobryggare. Den finns ocks\u00e5 som ett b\u00f6nkaffe s\u00e5 att du kan mala det sj\u00e4lv.<\/p>\t\t\t\t\t\t\t\t<\/div>\n\t\t\t\t<\/div>\n\t\t\t\t\t<\/div>\n\t\t<\/div>\n\t\t\t\t\t<\/div>\n\t\t<\/section>\n\t\t\t\t<section class=\"elementor-section elementor-inner-section elementor-element elementor-element-3f02e77 elementor-section-boxed elementor-section-height-default elementor-section-height-default\" data-id=\"3f02e77\" data-element_type=\"section\" data-e-type=\"section\">\n\t\t\t\t\t\t<div class=\"elementor-container elementor-column-gap-default\">\n\t\t\t\t\t<div class=\"elementor-column elementor-col-33 elementor-inner-column elementor-element elementor-element-ebda8e3\" data-id=\"ebda8e3\" data-element_type=\"column\" data-e-type=\"column\">\n\t\t\t<div class=\"elementor-widget-wrap elementor-element-populated\">\n\t\t\t\t\t\t<div class=\"elementor-element elementor-element-31bd05c full-width elementor-widget elementor-widget-image\" data-id=\"31bd05c\" data-element_type=\"widget\" data-e-type=\"widget\" data-widget_type=\"image.default\">\n\t\t\t\t<div class=\"elementor-widget-container\">\n\t\t\t\t\t\t\t\t\t\t\t\t\t\t\t<img decoding=\"async\" width=\"960\" height=\"960\" src=\"https:\/\/www.taste-africa.com\/wp-content\/uploads\/2021\/04\/Dark-arabica-beans.jpeg\" class=\"attachment-large size-large wp-image-6087\" alt=\"\" srcset=\"https:\/\/www.taste-africa.com\/wp-content\/uploads\/2021\/04\/Dark-arabica-beans.jpeg 960w, https:\/\/www.taste-africa.com\/wp-content\/uploads\/2021\/04\/Dark-arabica-beans-500x500.jpeg 500w, https:\/\/www.taste-africa.com\/wp-content\/uploads\/2021\/04\/Dark-arabica-beans-100x100.jpeg 100w, https:\/\/www.taste-africa.com\/wp-content\/uploads\/2021\/04\/Dark-arabica-beans-950x950.jpeg 950w, https:\/\/www.taste-africa.com\/wp-content\/uploads\/2021\/04\/Dark-arabica-beans-300x300.jpeg 300w, https:\/\/www.taste-africa.com\/wp-content\/uploads\/2021\/04\/Dark-arabica-beans-150x150.jpeg 150w, https:\/\/www.taste-africa.com\/wp-content\/uploads\/2021\/04\/Dark-arabica-beans-768x768.jpeg 768w, https:\/\/www.taste-africa.com\/wp-content\/uploads\/2021\/04\/Dark-arabica-beans-12x12.jpeg 12w, https:\/\/www.taste-africa.com\/wp-content\/uploads\/2021\/04\/Dark-arabica-beans-460x460.jpeg 460w\" sizes=\"(max-width: 960px) 100vw, 960px\" \/>\t\t\t\t\t\t\t\t\t\t\t\t\t\t\t<\/div>\n\t\t\t\t<\/div>\n\t\t\t\t\t<\/div>\n\t\t<\/div>\n\t\t\t\t<div class=\"elementor-column elementor-col-66 elementor-inner-column elementor-element elementor-element-a72718f\" data-id=\"a72718f\" data-element_type=\"column\" data-e-type=\"column\">\n\t\t\t<div class=\"elementor-widget-wrap elementor-element-populated\">\n\t\t\t\t\t\t<div class=\"elementor-element elementor-element-d76a188 elementor-widget elementor-widget-html\" data-id=\"d76a188\" data-element_type=\"widget\" data-e-type=\"widget\" data-widget_type=\"html.default\">\n\t\t\t\t<div class=\"elementor-widget-container\">\n\t\t\t\t\t<a  href=\"#\" ><h4 style=\"color:#333333 !important\">Taste of Africa freshly ground dark - m\u00f6rkrostat arabicakaffe \r\n<\/h4><\/a>\t\t\t\t<\/div>\n\t\t\t\t<\/div>\n\t\t\t\t<div class=\"elementor-element elementor-element-fbba511 elementor-widget elementor-widget-text-editor\" data-id=\"fbba511\" data-element_type=\"widget\" data-e-type=\"widget\" data-widget_type=\"text-editor.default\">\n\t\t\t\t<div class=\"elementor-widget-container\">\n\t\t\t\t\t\t\t\t\t<p>Ingredienser: 100 % m\u00f6rkrostade arabica kaffeb\u00f6nor, inga tillsatser eller smak\u00e4mnen. Nettovikt 250 g. \u00c5tervinn den h\u00e4r f\u00f6rpackningen som plast. Den h\u00e4r blandningen kommer som ett malet kaffe som passar till din vanliga kaffebryggare eller bistrobryggare. Den finns ocks\u00e5 som ett b\u00f6nkaffe s\u00e5 att du kan mala\ndet sj\u00e4lv.<\/p>\t\t\t\t\t\t\t\t<\/div>\n\t\t\t\t<\/div>\n\t\t\t\t\t<\/div>\n\t\t<\/div>\n\t\t\t\t\t<\/div>\n\t\t<\/section>\n\t\t\t\t<section class=\"elementor-section elementor-inner-section elementor-element elementor-element-3417a9d elementor-section-boxed elementor-section-height-default elementor-section-height-default\" data-id=\"3417a9d\" data-element_type=\"section\" data-e-type=\"section\">\n\t\t\t\t\t\t<div class=\"elementor-container elementor-column-gap-default\">\n\t\t\t\t\t<div class=\"elementor-column elementor-col-100 elementor-inner-column elementor-element elementor-element-1a13a05\" data-id=\"1a13a05\" data-element_type=\"column\" data-e-type=\"column\">\n\t\t\t<div class=\"elementor-widget-wrap elementor-element-populated\">\n\t\t\t\t\t\t<div class=\"elementor-element elementor-element-6d1dbe2 elementor-widget elementor-widget-gallery\" data-id=\"6d1dbe2\" data-element_type=\"widget\" data-e-type=\"widget\" data-settings=\"{&quot;aspect_ratio&quot;:&quot;4:3&quot;,&quot;lazyload&quot;:&quot;yes&quot;,&quot;gallery_layout&quot;:&quot;grid&quot;,&quot;columns&quot;:4,&quot;columns_tablet&quot;:2,&quot;columns_mobile&quot;:1,&quot;gap&quot;:{&quot;unit&quot;:&quot;px&quot;,&quot;size&quot;:10,&quot;sizes&quot;:[]},&quot;gap_tablet&quot;:{&quot;unit&quot;:&quot;px&quot;,&quot;size&quot;:10,&quot;sizes&quot;:[]},&quot;gap_mobile&quot;:{&quot;unit&quot;:&quot;px&quot;,&quot;size&quot;:10,&quot;sizes&quot;:[]},&quot;overlay_background&quot;:&quot;yes&quot;,&quot;content_hover_animation&quot;:&quot;fade-in&quot;}\" data-widget_type=\"gallery.default\">\n\t\t\t\t<div class=\"elementor-widget-container\">\n\t\t\t\t\t\t\t<div class=\"elementor-gallery__container\">\n\t\t\t\t\t\t\t<div class=\"e-gallery-item elementor-gallery-item elementor-animated-content\">\n\t\t\t\t\t<div class=\"e-gallery-image elementor-gallery-item__image\" data-thumbnail=\"https:\/\/www.taste-africa.com\/wp-content\/uploads\/2021\/04\/Coffee-on-the-shelf-1.jpg\" data-width=\"968\" data-height=\"602\" aria-label=\"\" role=\"img\" ><\/div>\n\t\t\t\t\t\t\t\t\t\t\t<div class=\"elementor-gallery-item__overlay\"><\/div>\n\t\t\t\t\t\t\t\t\t\t\t\t\t\t<\/div>\n\t\t\t\t\t\t\t<div class=\"e-gallery-item elementor-gallery-item elementor-animated-content\">\n\t\t\t\t\t<div class=\"e-gallery-image elementor-gallery-item__image\" data-thumbnail=\"https:\/\/www.taste-africa.com\/wp-content\/uploads\/2021\/04\/Resized_Screenshot_20220204-185840_Gallery_8955.jpeg\" data-width=\"720\" data-height=\"912\" aria-label=\"\" role=\"img\" ><\/div>\n\t\t\t\t\t\t\t\t\t\t\t<div class=\"elementor-gallery-item__overlay\"><\/div>\n\t\t\t\t\t\t\t\t\t\t\t\t\t\t<\/div>\n\t\t\t\t\t\t\t<div class=\"e-gallery-item elementor-gallery-item elementor-animated-content\">\n\t\t\t\t\t<div class=\"e-gallery-image elementor-gallery-item__image\" data-thumbnail=\"https:\/\/www.taste-africa.com\/wp-content\/uploads\/2021\/04\/Screenshot_20220204-192547_Gallery.jpg\" data-width=\"704\" data-height=\"604\" aria-label=\"\" role=\"img\" ><\/div>\n\t\t\t\t\t\t\t\t\t\t\t<div class=\"elementor-gallery-item__overlay\"><\/div>\n\t\t\t\t\t\t\t\t\t\t\t\t\t\t<\/div>\n\t\t\t\t\t\t\t<div class=\"e-gallery-item elementor-gallery-item elementor-animated-content\">\n\t\t\t\t\t<div class=\"e-gallery-image elementor-gallery-item__image\" data-thumbnail=\"https:\/\/www.taste-africa.com\/wp-content\/uploads\/2021\/04\/4.png\" data-width=\"413\" data-height=\"334\" aria-label=\"\" role=\"img\" ><\/div>\n\t\t\t\t\t\t\t\t\t\t\t<div class=\"elementor-gallery-item__overlay\"><\/div>\n\t\t\t\t\t\t\t\t\t\t\t\t\t\t<\/div>\n\t\t\t\t\t<\/div>\n\t\t\t\t\t<\/div>\n\t\t\t\t<\/div>\n\t\t\t\t<div class=\"elementor-element elementor-element-1c06a83 elementor-widget elementor-widget-text-editor\" data-id=\"1c06a83\" data-element_type=\"widget\" data-e-type=\"widget\" data-widget_type=\"text-editor.default\">\n\t\t\t\t<div class=\"elementor-widget-container\">\n\t\t\t\t\t\t\t\t\t<p class=\"translation-block\">Vilken kaffepersonlighet \u00e4r du? F\u00f6redrar du ett fylligt m\u00f6rkrostat? Eller kanske v\u00e4ljer du ett mjukare mellanrostat med en l\u00e4ngre eftersmak? Eller beror det kanske p\u00e5 n\u00e4r du dricker det? Vi kan f\u00f6rs\u00e4kra dig om att b\u00e5da dessa kafferostningar \u00e4r lyxigt underbara att sk\u00e4mma bort sig sj\u00e4lv med! De blir bara mer och mer popul\u00e4ra f\u00f6r varje \u00e5r. Ganska nyligen ut\u00f6kade vi v\u00e5rt sortiment med ett kaffe best\u00e5ende av hela b\u00f6nor. S\u00e5 du kan mala det sj\u00e4lv och k\u00e4nna doften av nymalt kaffe hemma! Hos oss p\u00e5 T<b>aste of Africa Baobab Caf\u00e9<\/b>, serveras alltid stora bistrobryggare med p\u00e5t\u00e5r, eller ibland \u00e4ven tret\u00e5r av det h\u00e4r kaffet. Din ekomj\u00f6lk serveras i en separat liten kanna, varm eller kall. Precis som du vill ha den! V\u00e4lkommen att njuta av det h\u00e4r kaffet i gr\u00f6nskan och lugnet i v\u00e5r tr\u00e4dg\u00e5rd. Hj\u00e4rtligt v\u00e4lkomna!<\/p>\t\t\t\t\t\t\t\t<\/div>\n\t\t\t\t<\/div>\n\t\t\t\t<div class=\"elementor-element elementor-element-4c64a95 elementor-button-underline elementor-align-left icon-effect-yes elementor-widget elementor-widget-button\" data-id=\"4c64a95\" data-element_type=\"widget\" data-e-type=\"widget\" data-widget_type=\"button.default\">\n\t\t\t\t<div class=\"elementor-widget-container\">\n\t\t\t\t\t\t\t\t\t<div class=\"elementor-button-wrapper\">\n\t\t\t\t\t<a class=\"elementor-button elementor-button-link elementor-size-sm\" href=\"\/sv\/shop\/\">\n\t\t\t\t\t\t<span class=\"elementor-button-content-wrapper\">\n\t\t\t\t\t\t<span class=\"elementor-button-icon\">\n\t\t\t\t<i aria-hidden=\"true\" class=\"fas fa-arrow-right\"><\/i>\t\t\t<\/span>\n\t\t\t\t\t\t\t\t\t<span class=\"elementor-button-text\">Bes\u00f6k v\u00e5r Internetbutik<\/span>\n\t\t\t\t\t<\/span>\n\t\t\t\t\t<\/a>\n\t\t\t\t<\/div>\n\t\t\t\t\t\t\t\t<\/div>\n\t\t\t\t<\/div>\n\t\t\t\t\t<\/div>\n\t\t<\/div>\n\t\t\t\t\t<\/div>\n\t\t<\/section>\n\t\t\t\t<section class=\"elementor-section elementor-inner-section elementor-element elementor-element-24ffd6a elementor-section-boxed elementor-section-height-default elementor-section-height-default\" data-id=\"24ffd6a\" data-element_type=\"section\" data-e-type=\"section\">\n\t\t\t\t\t\t<div class=\"elementor-container elementor-column-gap-default\">\n\t\t\t\t\t<div class=\"elementor-column elementor-col-50 elementor-inner-column elementor-element elementor-element-41534ea\" data-id=\"41534ea\" data-element_type=\"column\" data-e-type=\"column\">\n\t\t\t<div class=\"elementor-widget-wrap elementor-element-populated\">\n\t\t\t\t\t\t<div class=\"elementor-element elementor-element-922e31c elementor-widget elementor-widget-image\" data-id=\"922e31c\" data-element_type=\"widget\" data-e-type=\"widget\" data-widget_type=\"image.default\">\n\t\t\t\t<div class=\"elementor-widget-container\">\n\t\t\t\t\t\t\t\t\t\t\t\t\t\t\t<img decoding=\"async\" width=\"353\" height=\"510\" src=\"https:\/\/www.taste-africa.com\/wp-content\/uploads\/2020\/08\/glasburken.png\" class=\"attachment-large size-large wp-image-6067\" alt=\"\" srcset=\"https:\/\/www.taste-africa.com\/wp-content\/uploads\/2020\/08\/glasburken.png 908w, https:\/\/www.taste-africa.com\/wp-content\/uploads\/2020\/08\/glasburken-800x1167.png 800w, https:\/\/www.taste-africa.com\/wp-content\/uploads\/2020\/08\/glasburken-206x300.png 206w, https:\/\/www.taste-africa.com\/wp-content\/uploads\/2020\/08\/glasburken-702x1024.png 702w, https:\/\/www.taste-africa.com\/wp-content\/uploads\/2020\/08\/glasburken-768x1120.png 768w, https:\/\/www.taste-africa.com\/wp-content\/uploads\/2020\/08\/glasburken-8x12.png 8w\" sizes=\"(max-width: 353px) 100vw, 353px\" \/>\t\t\t\t\t\t\t\t\t\t\t\t\t\t\t<\/div>\n\t\t\t\t<\/div>\n\t\t\t\t\t<\/div>\n\t\t<\/div>\n\t\t\t\t<div class=\"elementor-column elementor-col-50 elementor-inner-column elementor-element elementor-element-a0230b8\" data-id=\"a0230b8\" data-element_type=\"column\" data-e-type=\"column\">\n\t\t\t<div class=\"elementor-widget-wrap elementor-element-populated\">\n\t\t\t\t\t\t<div class=\"elementor-element elementor-element-f88c7d6 elementor-widget elementor-widget-image\" data-id=\"f88c7d6\" data-element_type=\"widget\" data-e-type=\"widget\" data-widget_type=\"image.default\">\n\t\t\t\t<div class=\"elementor-widget-container\">\n\t\t\t\t\t\t\t\t\t\t\t\t\t\t\t<img loading=\"lazy\" decoding=\"async\" width=\"500\" height=\"375\" src=\"https:\/\/www.taste-africa.com\/wp-content\/uploads\/2021\/04\/Coffee-with-a-friend-2-1.jpg\" class=\"attachment-large size-large wp-image-6066\" alt=\"\" \/>\t\t\t\t\t\t\t\t\t\t\t\t\t\t\t<\/div>\n\t\t\t\t<\/div>\n\t\t\t\t\t<\/div>\n\t\t<\/div>\n\t\t\t\t\t<\/div>\n\t\t<\/section>\n\t\t\t\t<div class=\"elementor-element elementor-element-3ce16be elementor-hidden-desktop elementor-hidden-tablet elementor-hidden-mobile elementor-widget elementor-widget-text-editor\" data-id=\"3ce16be\" data-element_type=\"widget\" data-e-type=\"widget\" data-widget_type=\"text-editor.default\">\n\t\t\t\t<div class=\"elementor-widget-container\">\n\t\t\t\t\t\t\t\t\t<p>Meet our own coffee brand,\u00a0<strong>Taste of Africa Freshly Ground dark or medium arabica<\/strong>! Carefully selected and completely without additives. Exclusively roasted &amp; packed for us! The secret is that it\u2019s the same wonderful coffee as the Rewenzori you\u2019ve enjoyed so many times before, except now in our own 250 g packages.<\/p><p>This richly aromatic coffee is made from the finest arabica beans (from the coffee plant Coffea arabica) grown and harvested at hundreds of small farms in Africa. It has been roasted and packaged to the highest standards. The result is a medium or dark roast full-bodied coffee that leaves a lingering smoothness on your tongue. It is the coffee to spoil yourself with!<\/p><p>Taste of Africa Freshly Ground dark or medium arabica is freshly roasted, in fact it\u2019s still steaming hot, when packaged into airtight bags of 250 g. Squeeze the bag for the one-way seal to release its\u2019 wonderful aroma! It brews excellently in a plunger or in an ordinary coffee maker.<\/p>\t\t\t\t\t\t\t\t<\/div>\n\t\t\t\t<\/div>\n\t\t\t\t<div class=\"elementor-element elementor-element-16ccb10 elementor-widget elementor-widget-spacer\" data-id=\"16ccb10\" data-element_type=\"widget\" data-e-type=\"widget\" data-widget_type=\"spacer.default\">\n\t\t\t\t<div class=\"elementor-widget-container\">\n\t\t\t\t\t\t\t<div class=\"elementor-spacer\">\n\t\t\t<div class=\"elementor-spacer-inner\"><\/div>\n\t\t<\/div>\n\t\t\t\t\t\t<\/div>\n\t\t\t\t<\/div>\n\t\t\t\t<div class=\"elementor-element elementor-element-a6d60aa elementor-widget elementor-widget-heading\" data-id=\"a6d60aa\" data-element_type=\"widget\" data-e-type=\"widget\" id=\"Give_Africa_Trade_not_Aid!\" data-widget_type=\"heading.default\">\n\t\t\t\t<div class=\"elementor-widget-container\">\n\t\t\t\t\t<h2 class=\"elementor-heading-title elementor-size-default\">Vi ger n\u00e5got tillbaka till Afrika<\/h2>\t\t\t\t<\/div>\n\t\t\t\t<\/div>\n\t\t\t\t<div class=\"elementor-element elementor-element-b8e75db elementor-widget-divider--view-line elementor-widget elementor-widget-divider\" data-id=\"b8e75db\" data-element_type=\"widget\" data-e-type=\"widget\" data-widget_type=\"divider.default\">\n\t\t\t\t<div class=\"elementor-widget-container\">\n\t\t\t\t\t\t\t<div class=\"elementor-divider\">\n\t\t\t<span class=\"elementor-divider-separator\">\n\t\t\t\t\t\t<\/span>\n\t\t<\/div>\n\t\t\t\t\t\t<\/div>\n\t\t\t\t<\/div>\n\t\t\t\t<div class=\"elementor-element elementor-element-c6f8267 elementor-widget elementor-widget-text-editor\" data-id=\"c6f8267\" data-element_type=\"widget\" data-e-type=\"widget\" data-widget_type=\"text-editor.default\">\n\t\t\t\t<div class=\"elementor-widget-container\">\n\t\t\t\t\t\t\t\t\tAt Taste of Africa Caf\u00e9, coffee is served 'with a hearty feeling'. Because with every packet of coffee that we use in our coffee shop or sell in the shop, we are sponsoring a township pre-school by giving one rand per packet to different fundraising projects at the school.\nThis story began already in 2006, when we first visited the school.\t\t\t\t\t\t\t\t<\/div>\n\t\t\t\t<\/div>\n\t\t\t\t<div class=\"elementor-element elementor-element-4219456 elementor-widget elementor-widget-image\" data-id=\"4219456\" data-element_type=\"widget\" data-e-type=\"widget\" data-widget_type=\"image.default\">\n\t\t\t\t<div class=\"elementor-widget-container\">\n\t\t\t\t\t\t\t\t\t\t\t\t\t\t\t<img loading=\"lazy\" decoding=\"async\" width=\"960\" height=\"720\" src=\"https:\/\/www.taste-africa.com\/wp-content\/uploads\/2021\/04\/Resized_20210806_114113_332.jpeg\" class=\"attachment-large size-large wp-image-6052\" alt=\"\" srcset=\"https:\/\/www.taste-africa.com\/wp-content\/uploads\/2021\/04\/Resized_20210806_114113_332.jpeg 960w, https:\/\/www.taste-africa.com\/wp-content\/uploads\/2021\/04\/Resized_20210806_114113_332-950x713.jpeg 950w, https:\/\/www.taste-africa.com\/wp-content\/uploads\/2021\/04\/Resized_20210806_114113_332-300x225.jpeg 300w, https:\/\/www.taste-africa.com\/wp-content\/uploads\/2021\/04\/Resized_20210806_114113_332-768x576.jpeg 768w, https:\/\/www.taste-africa.com\/wp-content\/uploads\/2021\/04\/Resized_20210806_114113_332-16x12.jpeg 16w\" sizes=\"(max-width: 960px) 100vw, 960px\" \/>\t\t\t\t\t\t\t\t\t\t\t\t\t\t\t<\/div>\n\t\t\t\t<\/div>\n\t\t\t\t<div class=\"elementor-element elementor-element-81b2704 elementor-widget elementor-widget-text-editor\" data-id=\"81b2704\" data-element_type=\"widget\" data-e-type=\"widget\" data-widget_type=\"text-editor.default\">\n\t\t\t\t<div class=\"elementor-widget-container\">\n\t\t\t\t\t\t\t\t\tIn December 2007, we initiated a project to support a pre-school for previously disadvantaged children in South Africa, in our village Stanford's informal settlement. The school\u2019s name is Funimfundo which is a Xhosa word that means \u2018seeking knowledge\u2019. This school has been running successfully since 2004, as an initiative by an organisation called Food 4 Thought which is a registered non-government organisation, <a href=\"https:\/\/food4thought.org.za\/\"> https:\/\/food4thought.org.za<\/a>. Food 4 Thought aims to give small children ages 3-6 a safe environment where they get education, nutritious food and play while their parents are working.\t\t\t\t\t\t\t\t<\/div>\n\t\t\t\t<\/div>\n\t\t\t\t<div class=\"elementor-element elementor-element-6574f9b elementor-widget elementor-widget-text-editor\" data-id=\"6574f9b\" data-element_type=\"widget\" data-e-type=\"widget\" data-widget_type=\"text-editor.default\">\n\t\t\t\t<div class=\"elementor-widget-container\">\n\t\t\t\t\t\t\t\t\t<p><strong>This has happened\u2026<\/strong><br \/>Sedan vi f\u00f6rst kom dit 2006 har utomhusmilj\u00f6n runt f\u00f6rskolan blivit gr\u00f6nare och sk\u00f6nare. De har byggt en ny fin kl\u00e4tterst\u00e4llning, planterat\ntr\u00e4d och g\u00e5ngar har anlagts. Barn och l\u00e4rare arbetar varje dag tillsammans p\u00e5 sin nya odlingslott och barnen \u00e4ter gr\u00f6nsakerna som odlas. I oktober 2007 k\u00f6pte vi material till ett nytt arbetsrum \u00e5t l\u00e4rarna.<\/p><p>There\u2019s a building next to Funimfundo that is now used as a pre-school for very young children ( 0-3 years). These children now have an attractive and safe yard with a fence and toys where they can play.<\/p>\t\t\t\t\t\t\t\t<\/div>\n\t\t\t\t<\/div>\n\t\t\t\t<section class=\"elementor-section elementor-inner-section elementor-element elementor-element-3e8b51d elementor-section-boxed elementor-section-height-default elementor-section-height-default\" data-id=\"3e8b51d\" data-element_type=\"section\" data-e-type=\"section\">\n\t\t\t\t\t\t<div class=\"elementor-container elementor-column-gap-default\">\n\t\t\t\t\t<div class=\"elementor-column elementor-col-25 elementor-inner-column elementor-element elementor-element-b4bb93b\" data-id=\"b4bb93b\" data-element_type=\"column\" data-e-type=\"column\">\n\t\t\t<div class=\"elementor-widget-wrap elementor-element-populated\">\n\t\t\t\t\t\t<div class=\"elementor-element elementor-element-75006c2 full-width elementor-widget elementor-widget-image\" data-id=\"75006c2\" data-element_type=\"widget\" data-e-type=\"widget\" data-widget_type=\"image.default\">\n\t\t\t\t<div class=\"elementor-widget-container\">\n\t\t\t\t\t\t\t\t\t\t\t\t\t\t\t<img loading=\"lazy\" decoding=\"async\" width=\"200\" height=\"207\" src=\"https:\/\/www.taste-africa.com\/wp-content\/uploads\/2021\/04\/coffee_04.jpg\" class=\"attachment-large size-large wp-image-4168\" alt=\"\" srcset=\"https:\/\/www.taste-africa.com\/wp-content\/uploads\/2021\/04\/coffee_04.jpg 200w, https:\/\/www.taste-africa.com\/wp-content\/uploads\/2021\/04\/coffee_04-12x12.jpg 12w\" sizes=\"(max-width: 200px) 100vw, 200px\" \/>\t\t\t\t\t\t\t\t\t\t\t\t\t\t\t<\/div>\n\t\t\t\t<\/div>\n\t\t\t\t\t<\/div>\n\t\t<\/div>\n\t\t\t\t<div class=\"elementor-column elementor-col-25 elementor-inner-column elementor-element elementor-element-f560627\" data-id=\"f560627\" data-element_type=\"column\" data-e-type=\"column\">\n\t\t\t<div class=\"elementor-widget-wrap elementor-element-populated\">\n\t\t\t\t\t\t<div class=\"elementor-element elementor-element-9841caa full-width elementor-widget elementor-widget-image\" data-id=\"9841caa\" data-element_type=\"widget\" data-e-type=\"widget\" data-widget_type=\"image.default\">\n\t\t\t\t<div class=\"elementor-widget-container\">\n\t\t\t\t\t\t\t\t\t\t\t\t\t\t\t<img loading=\"lazy\" decoding=\"async\" width=\"200\" height=\"207\" src=\"https:\/\/www.taste-africa.com\/wp-content\/uploads\/2021\/04\/Garden.jpg\" class=\"attachment-large size-large wp-image-4170\" alt=\"\" srcset=\"https:\/\/www.taste-africa.com\/wp-content\/uploads\/2021\/04\/Garden.jpg 200w, https:\/\/www.taste-africa.com\/wp-content\/uploads\/2021\/04\/Garden-12x12.jpg 12w\" sizes=\"(max-width: 200px) 100vw, 200px\" \/>\t\t\t\t\t\t\t\t\t\t\t\t\t\t\t<\/div>\n\t\t\t\t<\/div>\n\t\t\t\t\t<\/div>\n\t\t<\/div>\n\t\t\t\t<div class=\"elementor-column elementor-col-25 elementor-inner-column elementor-element elementor-element-29c0b88\" data-id=\"29c0b88\" data-element_type=\"column\" data-e-type=\"column\">\n\t\t\t<div class=\"elementor-widget-wrap elementor-element-populated\">\n\t\t\t\t\t\t<div class=\"elementor-element elementor-element-d2af3ec full-width elementor-widget elementor-widget-image\" data-id=\"d2af3ec\" data-element_type=\"widget\" data-e-type=\"widget\" data-widget_type=\"image.default\">\n\t\t\t\t<div class=\"elementor-widget-container\">\n\t\t\t\t\t\t\t\t\t\t\t\t\t\t\t<img loading=\"lazy\" decoding=\"async\" width=\"200\" height=\"207\" src=\"https:\/\/www.taste-africa.com\/wp-content\/uploads\/2021\/04\/Playground.jpg\" class=\"attachment-large size-large wp-image-4171\" alt=\"\" srcset=\"https:\/\/www.taste-africa.com\/wp-content\/uploads\/2021\/04\/Playground.jpg 200w, https:\/\/www.taste-africa.com\/wp-content\/uploads\/2021\/04\/Playground-12x12.jpg 12w\" sizes=\"(max-width: 200px) 100vw, 200px\" \/>\t\t\t\t\t\t\t\t\t\t\t\t\t\t\t<\/div>\n\t\t\t\t<\/div>\n\t\t\t\t\t<\/div>\n\t\t<\/div>\n\t\t\t\t<div class=\"elementor-column elementor-col-25 elementor-inner-column elementor-element elementor-element-abdbc02\" data-id=\"abdbc02\" data-element_type=\"column\" data-e-type=\"column\">\n\t\t\t<div class=\"elementor-widget-wrap elementor-element-populated\">\n\t\t\t\t\t\t<div class=\"elementor-element elementor-element-2562250 full-width elementor-widget elementor-widget-image\" data-id=\"2562250\" data-element_type=\"widget\" data-e-type=\"widget\" data-widget_type=\"image.default\">\n\t\t\t\t<div class=\"elementor-widget-container\">\n\t\t\t\t\t\t\t\t\t\t\t\t\t\t\t<img loading=\"lazy\" decoding=\"async\" width=\"300\" height=\"165\" src=\"https:\/\/www.taste-africa.com\/wp-content\/uploads\/2021\/04\/coffee_09.jpg\" class=\"attachment-large size-large wp-image-4174\" alt=\"\" srcset=\"https:\/\/www.taste-africa.com\/wp-content\/uploads\/2021\/04\/coffee_09.jpg 300w, https:\/\/www.taste-africa.com\/wp-content\/uploads\/2021\/04\/coffee_09-16x9.jpg 16w\" sizes=\"(max-width: 300px) 100vw, 300px\" \/>\t\t\t\t\t\t\t\t\t\t\t\t\t\t\t<\/div>\n\t\t\t\t<\/div>\n\t\t\t\t\t<\/div>\n\t\t<\/div>\n\t\t\t\t\t<\/div>\n\t\t<\/section>\n\t\t\t\t<div class=\"elementor-element elementor-element-17b59a9 elementor-widget elementor-widget-text-editor\" data-id=\"17b59a9\" data-element_type=\"widget\" data-e-type=\"widget\" data-widget_type=\"text-editor.default\">\n\t\t\t\t<div class=\"elementor-widget-container\">\n\t\t\t\t\t\t\t\t\t<p>I mars 2011 har skolan f\u00e5tt ett nytt rymligt klassrum och tre nya toaletter. Vi hj\u00e4lpte till att k\u00f6pa byggnadsmaterial till taket och f\u00e4rg till\ngolvet i klassrummet. M\u00e5nga f\u00f6r\u00e4ldrar till barn i skolan hj\u00e4lptes \u00e5t att m\u00e5la det inv\u00e4ndigt.<\/p>\t\t\t\t\t\t\t\t<\/div>\n\t\t\t\t<\/div>\n\t\t\t\t<section class=\"elementor-section elementor-inner-section elementor-element elementor-element-c98f292 elementor-hidden-desktop elementor-hidden-tablet elementor-hidden-mobile elementor-section-boxed elementor-section-height-default elementor-section-height-default\" data-id=\"c98f292\" data-element_type=\"section\" data-e-type=\"section\">\n\t\t\t\t\t\t<div class=\"elementor-container elementor-column-gap-default\">\n\t\t\t\t\t<div class=\"elementor-column elementor-col-50 elementor-inner-column elementor-element elementor-element-b44f9dc\" data-id=\"b44f9dc\" data-element_type=\"column\" data-e-type=\"column\">\n\t\t\t<div class=\"elementor-widget-wrap elementor-element-populated\">\n\t\t\t\t\t\t<div class=\"elementor-element elementor-element-c2413b7 full-width elementor-widget elementor-widget-image\" data-id=\"c2413b7\" data-element_type=\"widget\" data-e-type=\"widget\" data-widget_type=\"image.default\">\n\t\t\t\t<div class=\"elementor-widget-container\">\n\t\t\t\t\t\t\t\t\t\t\t\t\t\t\t<img loading=\"lazy\" decoding=\"async\" width=\"300\" height=\"165\" src=\"https:\/\/www.taste-africa.com\/wp-content\/uploads\/2021\/04\/coffee_08.jpg\" class=\"attachment-large size-large wp-image-4173\" alt=\"\" srcset=\"https:\/\/www.taste-africa.com\/wp-content\/uploads\/2021\/04\/coffee_08.jpg 300w, https:\/\/www.taste-africa.com\/wp-content\/uploads\/2021\/04\/coffee_08-16x9.jpg 16w\" sizes=\"(max-width: 300px) 100vw, 300px\" \/>\t\t\t\t\t\t\t\t\t\t\t\t\t\t\t<\/div>\n\t\t\t\t<\/div>\n\t\t\t\t\t<\/div>\n\t\t<\/div>\n\t\t\t\t<div class=\"elementor-column elementor-col-50 elementor-inner-column elementor-element elementor-element-0dd0a2f\" data-id=\"0dd0a2f\" data-element_type=\"column\" data-e-type=\"column\">\n\t\t\t<div class=\"elementor-widget-wrap elementor-element-populated\">\n\t\t\t\t\t\t<div class=\"elementor-element elementor-element-b38cb4f full-width elementor-widget elementor-widget-image\" data-id=\"b38cb4f\" data-element_type=\"widget\" data-e-type=\"widget\" data-widget_type=\"image.default\">\n\t\t\t\t<div class=\"elementor-widget-container\">\n\t\t\t\t\t\t\t\t\t\t\t\t\t\t\t<img loading=\"lazy\" decoding=\"async\" width=\"300\" height=\"165\" src=\"https:\/\/www.taste-africa.com\/wp-content\/uploads\/2021\/04\/coffee_09.jpg\" class=\"attachment-large size-large wp-image-4174\" alt=\"\" srcset=\"https:\/\/www.taste-africa.com\/wp-content\/uploads\/2021\/04\/coffee_09.jpg 300w, https:\/\/www.taste-africa.com\/wp-content\/uploads\/2021\/04\/coffee_09-16x9.jpg 16w\" sizes=\"(max-width: 300px) 100vw, 300px\" \/>\t\t\t\t\t\t\t\t\t\t\t\t\t\t\t<\/div>\n\t\t\t\t<\/div>\n\t\t\t\t\t<\/div>\n\t\t<\/div>\n\t\t\t\t\t<\/div>\n\t\t<\/section>\n\t\t\t\t<div class=\"elementor-element elementor-element-7b74806 elementor-widget elementor-widget-text-editor\" data-id=\"7b74806\" data-element_type=\"widget\" data-e-type=\"widget\" data-widget_type=\"text-editor.default\">\n\t\t\t\t<div class=\"elementor-widget-container\">\n\t\t\t\t\t\t\t\t\t<p>Vi bes\u00f6kte skolan i februari 2014 och d\u00e5 hj\u00e4lpte vi till att k\u00f6pa material till bildundervisning; f\u00e4rgpigment, penslar &amp; papper.<\/p>\t\t\t\t\t\t\t\t<\/div>\n\t\t\t\t<\/div>\n\t\t\t\t<div class=\"elementor-element elementor-element-476a83f elementor-widget elementor-widget-text-editor\" data-id=\"476a83f\" data-element_type=\"widget\" data-e-type=\"widget\" data-widget_type=\"text-editor.default\">\n\t\t\t\t<div class=\"elementor-widget-container\">\n\t\t\t\t\t\t\t\t\t<p><strong>In the last years&#8230;<\/strong><\/p><p class=\"translation-block\">Vi \u00e4r i Sydafrika f\u00f6r korta perioder f\u00f6r att hinna bes\u00f6ka skolan under de korta veckor som vi \u00e4r d\u00e4r. Men det \u00e4r roligt att f\u00f6lja dem p\u00e5 Facebook och ge bidrag till deras olika projekt och aktiviteter genom v\u00e5r kaffef\u00f6rs\u00e4ljning. Skolans personal s\u00e4ljer nu egenodlade gr\u00f6nsaker i l\u00e5dor f\u00f6r att f\u00e5 inkomster. Dessutom \u00e4r det n\u00e5gra av v\u00e5ra svenska kunder som s\u00e5 gener\u00f6st har gett pengar till skolansaktiviteter och utveckling. Det \u00e4r verkligen fantastiskt och stort tack f\u00f6r det! Om du vill se vad som h\u00e4nder p\u00e5 Funimfundo-skolan som ligger i byn Stanford i V\u00e4stra Kapprovinsen, kan du titta p\u00e5 deras Facebook-konto: <a href=\"https:\/\/www.facebook.com\/food4thoughtstanford\">https:\/\/www.facebook.com\/food4thoughtstanford<\/a>. D\u00e4r finns bilder av skolans m\u00e5nga glada och v\u00e4lm\u00e5ende barn och deras aktiviteter i klassrummet och p\u00e5 skolg\u00e5rden. Den h\u00e4r skolan harverkligen utvecklats till en stimulerande plats f\u00f6r m\u00e5nga sm\u00e5 barn i byn.<\/p><p>Under de senaste tv\u00e5 \u00e5ren, efter Covid-utbrottet, har inv\u00e5narna i Stanford visat enorm handlingskraft f\u00f6r att st\u00f6tta de h\u00e4r barnen och deras familjer. Ett betydelsefullt initiativ \u00e4r ett soppk\u00f6k med volont\u00e4rer som arbetade med att laga och servera hundratals portioner mat dagligen f\u00f6r att hj\u00e4lpa familjer som blivit utan f\u00f6rs\u00f6rjning under den sv\u00e5ra perioden d\u00e5 samh\u00e4llet var helt nedst\u00e4ngt genom 'lockdown'. Det finns sannerligen m\u00e5nga hj\u00e4rtev\u00e4rmande historier att ber\u00e4tta.<\/p>\t\t\t\t\t\t\t\t<\/div>\n\t\t\t\t<\/div>\n\t\t\t\t<div class=\"elementor-element elementor-element-e714a38 elementor-hidden-desktop elementor-hidden-tablet elementor-hidden-mobile elementor-widget elementor-widget-text-editor\" data-id=\"e714a38\" data-element_type=\"widget\" data-e-type=\"widget\" data-widget_type=\"text-editor.default\">\n\t\t\t\t<div class=\"elementor-widget-container\">\n\t\t\t\t\t\t\t\t\t<p>Our hearts are still in the right place, and for each packet of coffee sold we give one rand to a pre-school in a township in South Africa. It\u2019s the same school that we have told you about before\u2026but first a quick glance over the shoulder\u2026.<\/p><p>Previously in this space we told about a social development project that was called \u2019Give Africa Trade not Aid\u2019 coming from an initiative of a Ugandan businessman. His philosophy was to give the people in Uganda employment, education, and health care by selling coffee from the Rwenzori mountains and plough back 50% of its returns into the villages that grow the coffee. This sounds like an extraordinarily good and generous idea! Perhaps even too good to be carried out in reality. Today 2014, the Rwenzori Coffee Company exists no longer.<\/p>\t\t\t\t\t\t\t\t<\/div>\n\t\t\t\t<\/div>\n\t\t\t\t<div class=\"elementor-element elementor-element-096fdde elementor-hidden-desktop elementor-hidden-tablet elementor-hidden-mobile elementor-widget elementor-widget-text-editor\" data-id=\"096fdde\" data-element_type=\"widget\" data-e-type=\"widget\" data-widget_type=\"text-editor.default\">\n\t\t\t\t<div class=\"elementor-widget-container\">\n\t\t\t\t\t\t\t\t\t<p>Because\u00a0<b>Taste of Africa<\/b>\u00a0believes in the idea of giving Africa \u2019Trade not Aid\u2019, we continued to sell the Rwenzori coffee. In December 2007, we initiated a new support project with help from the Rwenzori Coffee Company. This project will support a pre-school school for previously disadvantaged children in South Africa, in our village Stanford's informal settlement. The school\u2019s name is Funimfundo (in Xhosa it means \u2018seeking knowledge\u2019) and it has been running successfully since 2004. It is an initiative by an organisation called\u00a0<b>Food 4 Thought<\/b>\u00a0(a registered non-government organisation,\u00a0<a href=\"http:\/\/www.f4t4kids.co.za\/\">www.f4t4kids.co.za<\/a>\u00a0), aiming to give small children ages 3-6 a safe environment where they get education, nutritious food and play while their parents are working.During 4 years, Taste of Africa and the Rwenzori Coffee Company together donated 2 rands to this school for every packet of coffee sold. In December 2011 Rwenzori Coffee Company discontinued their support, unfortunately. But we continue to support the Funimfundo school. We visit them every year and help out by buying building supplies, correspodning to 1 rand per packet of coffee sold.<\/p>\t\t\t\t\t\t\t\t<\/div>\n\t\t\t\t<\/div>\n\t\t\t\t<div class=\"elementor-element elementor-element-d3af451 elementor-hidden-desktop elementor-hidden-tablet elementor-hidden-mobile elementor-widget elementor-widget-text-editor\" data-id=\"d3af451\" data-element_type=\"widget\" data-e-type=\"widget\" data-widget_type=\"text-editor.default\">\n\t\t\t\t<div class=\"elementor-widget-container\">\n\t\t\t\t\t\t\t\t\t<p><b>This has happened&#8230;<br \/><\/b>Sedan vi f\u00f6rst kom dit 2006 har utomhusmilj\u00f6n runt f\u00f6rskolan blivit gr\u00f6nare och sk\u00f6nare. De har byggt en ny fin kl\u00e4tterst\u00e4llning, planterat\ntr\u00e4d och g\u00e5ngar har anlagts. Barn och l\u00e4rare arbetar varje dag tillsammans p\u00e5 sin nya odlingslott och barnen \u00e4ter gr\u00f6nsakerna som odlas. I oktober 2007 k\u00f6pte vi material till ett nytt arbetsrum \u00e5t l\u00e4rarna.<\/p>\t\t\t\t\t\t\t\t<\/div>\n\t\t\t\t<\/div>\n\t\t\t\t<div class=\"elementor-element elementor-element-68cdb76 elementor-hidden-desktop elementor-hidden-tablet elementor-hidden-mobile elementor-widget elementor-widget-text-editor\" data-id=\"68cdb76\" data-element_type=\"widget\" data-e-type=\"widget\" data-widget_type=\"text-editor.default\">\n\t\t\t\t<div class=\"elementor-widget-container\">\n\t\t\t\t\t\t\t\t\t<p>There\u2019s a building next to Funiumfundo that is now used as a pre-school for very young children ( 0-3 years). These children now have an attractive and safe yard with a fench and toys where they can play.<\/p><p>I mars 2011 har skolan f\u00e5tt ett nytt rymligt klassrum och tre nya toaletter. Vi hj\u00e4lpte till att k\u00f6pa byggnadsmaterial till taket och f\u00e4rg till\ngolvet i klassrummet. M\u00e5nga f\u00f6r\u00e4ldrar till barn i skolan hj\u00e4lptes \u00e5t att m\u00e5la det inv\u00e4ndigt.<\/p>\t\t\t\t\t\t\t\t<\/div>\n\t\t\t\t<\/div>\n\t\t\t\t<div class=\"elementor-element elementor-element-e1469c9 elementor-hidden-desktop elementor-hidden-tablet elementor-hidden-mobile elementor-widget elementor-widget-text-editor\" data-id=\"e1469c9\" data-element_type=\"widget\" data-e-type=\"widget\" data-widget_type=\"text-editor.default\">\n\t\t\t\t<div class=\"elementor-widget-container\">\n\t\t\t\t\t\t\t\t\t<p>We visited the school in February 2014 and bought material for their arts classes, powder paint, brushes and paper.<\/p>\t\t\t\t\t\t\t\t<\/div>\n\t\t\t\t<\/div>\n\t\t\t\t\t<\/div>\n\t\t<\/div>\n\t\t\t\t\t<\/div>\n\t\t<\/section>\n\t\t\t\t<section class=\"elementor-section elementor-top-section elementor-element elementor-element-49f412e elementor-section-boxed elementor-section-height-default elementor-section-height-default\" data-id=\"49f412e\" data-element_type=\"section\" data-e-type=\"section\">\n\t\t\t\t\t\t<div class=\"elementor-container elementor-column-gap-default\">\n\t\t\t\t\t<div class=\"elementor-column elementor-col-100 elementor-top-column elementor-element elementor-element-c586f62\" data-id=\"c586f62\" data-element_type=\"column\" data-e-type=\"column\">\n\t\t\t<div class=\"elementor-widget-wrap elementor-element-populated\">\n\t\t\t\t\t\t<div class=\"elementor-element elementor-element-9eb34fb elementor-widget elementor-widget-html\" data-id=\"9eb34fb\" data-element_type=\"widget\" data-e-type=\"widget\" data-widget_type=\"html.default\">\n\t\t\t\t<div class=\"elementor-widget-container\">\n\t\t\t\t\t<script>\r\n\r\n\r\n\r\nif (document.URL === 'https:\/\/www.taste-africa.com\/sv\/african-coffee\/#Give_Africa_Trade_not_Aid!\/'){\r\ndocument.getElementById('Give_Africa_Trade_not_Aid!').scrollIntoView();\r\n}\r\nelse if\r\n(document.URL === 'https:\/\/www.taste-africa.com\/sv\/african-coffee\/#Give_Africa_Trade_not_Aid!'){\r\n    document.getElementById('Give_Africa_Trade_not_Aid!').scrollIntoView();\r\n    \r\n}\r\nelse if\r\n(document.URL === 'https:\/\/www.taste-africa.com\/sv\/african-coffee#Give_Africa_Trade_not_Aid!'){\r\n    \r\ndocument.getElementById('Give_Africa_Trade_not_Aid!').scrollIntoView();\r\n}\r\n\r\nelse if (document.URL === 'https:\/\/www.taste-africa.com\/sv\/african-coffee\/#Give_Africa_Trade_not_Aid!\/'){\r\ndocument.getElementById('Give_Africa_Trade_not_Aid!').scrollIntoView();\r\n}\r\nelse if\r\n(document.URL === 'https:\/\/www.taste-africa.com\/sv\/african-coffee\/#Give_Africa_Trade_not_Aid!'){\r\n    document.getElementById('Give_Africa_Trade_not_Aid!').scrollIntoView();\r\n    \r\n}\r\nelse if\r\n(document.URL === 'https:\/\/www.taste-africa.com\/sv\/african-coffee#Give_Africa_Trade_not_Aid!'){\r\n    \r\ndocument.getElementById('Give_Africa_Trade_not_Aid!').scrollIntoView();\r\n}\r\n\r\n\r\n<\/script>\t\t\t\t<\/div>\n\t\t\t\t<\/div>\n\t\t\t\t\t<\/div>\n\t\t<\/div>\n\t\t\t\t\t<\/div>\n\t\t<\/section>\n\t\t\t\t<section class=\"elementor-section elementor-top-section elementor-element elementor-element-4f09e1f elementor-hidden-desktop elementor-hidden-tablet elementor-hidden-mobile elementor-section-boxed elementor-section-height-default elementor-section-height-default\" data-id=\"4f09e1f\" data-element_type=\"section\" data-e-type=\"section\">\n\t\t\t\t\t\t<div class=\"elementor-container elementor-column-gap-default\">\n\t\t\t\t\t<div class=\"elementor-column elementor-col-100 elementor-top-column elementor-element elementor-element-873966a\" data-id=\"873966a\" data-element_type=\"column\" data-e-type=\"column\">\n\t\t\t<div class=\"elementor-widget-wrap elementor-element-populated\">\n\t\t\t\t\t\t<div class=\"elementor-element elementor-element-8a73d20 elementor-button-underline icon-effect-yes elementor-widget elementor-widget-button\" data-id=\"8a73d20\" data-element_type=\"widget\" data-e-type=\"widget\" data-widget_type=\"button.default\">\n\t\t\t\t<div class=\"elementor-widget-container\">\n\t\t\t\t\t\t\t\t\t<div class=\"elementor-button-wrapper\">\n\t\t\t\t\t<a class=\"elementor-button elementor-button-link elementor-size-sm\" href=\"\/sv\/african-coffee\/\">\n\t\t\t\t\t\t<span class=\"elementor-button-content-wrapper\">\n\t\t\t\t\t\t<span class=\"elementor-button-icon\">\n\t\t\t\t<i aria-hidden=\"true\" class=\"fas fa-arrow-right\"><\/i>\t\t\t<\/span>\n\t\t\t\t\t\t\t\t\t<span class=\"elementor-button-text\">Taste of Africas kaffe - Freshly Ground arabica<\/span>\n\t\t\t\t\t<\/span>\n\t\t\t\t\t<\/a>\n\t\t\t\t<\/div>\n\t\t\t\t\t\t\t\t<\/div>\n\t\t\t\t<\/div>\n\t\t\t\t\t<\/div>\n\t\t<\/div>\n\t\t\t\t\t<\/div>\n\t\t<\/section>\n\t\t\t\t<\/div>","protected":false},"excerpt":{"rendered":"<p>Taste of Africa coffee &#8211; Freshly Ground arabica Freshly ground arabica is a richly aromatic coffee, made from the finest arabica beans from the coffee plant Coffea arabica. It's a unique coffee that is exclusively packaged for Taste of Africa at our Cape Town roasters, framed by the rolling hills of the Cape Winelands on [&hellip;]<\/p>\n","protected":false},"author":1,"featured_media":3087,"comment_status":"closed","ping_status":"closed","sticky":false,"template":"elementor_header_footer","format":"standard","meta":{"inline_featured_image":false,"footnotes":""},"categories":[1],"tags":[],"class_list":["post-4099","post","type-post","status-publish","format-standard","has-post-thumbnail","hentry","category-uncategorized"],"yoast_head":"<!-- This site is optimized with the Yoast SEO plugin v27.3 - https:\/\/yoast.com\/product\/yoast-seo-wordpress\/ -->\n<title>African coffee - Taste of Africa<\/title>\n<meta name=\"robots\" content=\"index, follow, max-snippet:-1, max-image-preview:large, max-video-preview:-1\" \/>\n<link rel=\"canonical\" href=\"https:\/\/www.taste-africa.com\/sv\/african-coffee\/\" \/>\n<meta property=\"og:locale\" content=\"sv_SE\" \/>\n<meta property=\"og:type\" content=\"article\" \/>\n<meta property=\"og:title\" content=\"African coffee - Taste of Africa\" \/>\n<meta property=\"og:description\" content=\"Taste of Africa coffee &#8211; Freshly Ground arabica Freshly ground arabica is a richly aromatic coffee, made from the finest arabica beans from the coffee plant Coffea arabica. It&#039;s a unique coffee that is exclusively packaged for Taste of Africa at our Cape Town roasters, framed by the rolling hills of the Cape Winelands on [&hellip;]\" \/>\n<meta property=\"og:url\" content=\"https:\/\/www.taste-africa.com\/sv\/african-coffee\/\" \/>\n<meta property=\"og:site_name\" content=\"Taste of Africa\" \/>\n<meta property=\"article:publisher\" content=\"https:\/\/www.facebook.com\/tasteofafricahedesunda\/\" \/>\n<meta property=\"article:published_time\" content=\"2021-04-26T06:54:49+00:00\" \/>\n<meta property=\"article:modified_time\" content=\"2022-10-11T06:33:26+00:00\" \/>\n<meta property=\"og:image\" content=\"https:\/\/www.taste-africa.com\/wp-content\/uploads\/2021\/04\/freshly-ground.png\" \/>\n\t<meta property=\"og:image:width\" content=\"600\" \/>\n\t<meta property=\"og:image:height\" content=\"400\" \/>\n\t<meta property=\"og:image:type\" content=\"image\/png\" \/>\n<meta name=\"author\" content=\"admin\" \/>\n<meta name=\"twitter:card\" content=\"summary_large_image\" \/>\n<meta name=\"twitter:label1\" content=\"Skriven av\" \/>\n\t<meta name=\"twitter:data1\" content=\"admin\" \/>\n\t<meta name=\"twitter:label2\" content=\"Ber\u00e4knad l\u00e4stid\" \/>\n\t<meta name=\"twitter:data2\" content=\"8 minuter\" \/>\n<script type=\"application\/ld+json\" class=\"yoast-schema-graph\">{\"@context\":\"https:\\\/\\\/schema.org\",\"@graph\":[{\"@type\":\"Article\",\"@id\":\"https:\\\/\\\/www.taste-africa.com\\\/sv\\\/african-coffee\\\/#article\",\"isPartOf\":{\"@id\":\"https:\\\/\\\/www.taste-africa.com\\\/sv\\\/african-coffee\\\/\"},\"author\":{\"name\":\"admin\",\"@id\":\"https:\\\/\\\/www.taste-africa.com\\\/#\\\/schema\\\/person\\\/83c67d02a9b12710048d12ae147c2a9e\"},\"headline\":\"African coffee\",\"datePublished\":\"2021-04-26T06:54:49+00:00\",\"dateModified\":\"2022-10-11T06:33:26+00:00\",\"mainEntityOfPage\":{\"@id\":\"https:\\\/\\\/www.taste-africa.com\\\/sv\\\/african-coffee\\\/\"},\"wordCount\":1579,\"publisher\":{\"@id\":\"https:\\\/\\\/www.taste-africa.com\\\/#organization\"},\"image\":{\"@id\":\"https:\\\/\\\/www.taste-africa.com\\\/sv\\\/african-coffee\\\/#primaryimage\"},\"thumbnailUrl\":\"https:\\\/\\\/www.taste-africa.com\\\/wp-content\\\/uploads\\\/2021\\\/04\\\/freshly-ground.png\",\"articleSection\":[\"Uncategorized\"],\"inLanguage\":\"sv-SE\"},{\"@type\":\"WebPage\",\"@id\":\"https:\\\/\\\/www.taste-africa.com\\\/sv\\\/african-coffee\\\/\",\"url\":\"https:\\\/\\\/www.taste-africa.com\\\/sv\\\/african-coffee\\\/\",\"name\":\"African coffee - Taste of Africa\",\"isPartOf\":{\"@id\":\"https:\\\/\\\/www.taste-africa.com\\\/#website\"},\"primaryImageOfPage\":{\"@id\":\"https:\\\/\\\/www.taste-africa.com\\\/sv\\\/african-coffee\\\/#primaryimage\"},\"image\":{\"@id\":\"https:\\\/\\\/www.taste-africa.com\\\/sv\\\/african-coffee\\\/#primaryimage\"},\"thumbnailUrl\":\"https:\\\/\\\/www.taste-africa.com\\\/wp-content\\\/uploads\\\/2021\\\/04\\\/freshly-ground.png\",\"datePublished\":\"2021-04-26T06:54:49+00:00\",\"dateModified\":\"2022-10-11T06:33:26+00:00\",\"breadcrumb\":{\"@id\":\"https:\\\/\\\/www.taste-africa.com\\\/sv\\\/african-coffee\\\/#breadcrumb\"},\"inLanguage\":\"sv-SE\",\"potentialAction\":[{\"@type\":\"ReadAction\",\"target\":[\"https:\\\/\\\/www.taste-africa.com\\\/sv\\\/african-coffee\\\/\"]}]},{\"@type\":\"ImageObject\",\"inLanguage\":\"sv-SE\",\"@id\":\"https:\\\/\\\/www.taste-africa.com\\\/sv\\\/african-coffee\\\/#primaryimage\",\"url\":\"https:\\\/\\\/www.taste-africa.com\\\/wp-content\\\/uploads\\\/2021\\\/04\\\/freshly-ground.png\",\"contentUrl\":\"https:\\\/\\\/www.taste-africa.com\\\/wp-content\\\/uploads\\\/2021\\\/04\\\/freshly-ground.png\",\"width\":600,\"height\":400},{\"@type\":\"BreadcrumbList\",\"@id\":\"https:\\\/\\\/www.taste-africa.com\\\/sv\\\/african-coffee\\\/#breadcrumb\",\"itemListElement\":[{\"@type\":\"ListItem\",\"position\":1,\"name\":\"Home\",\"item\":\"https:\\\/\\\/www.taste-africa.com\\\/\"},{\"@type\":\"ListItem\",\"position\":2,\"name\":\"African coffee\"}]},{\"@type\":\"WebSite\",\"@id\":\"https:\\\/\\\/www.taste-africa.com\\\/#website\",\"url\":\"https:\\\/\\\/www.taste-africa.com\\\/\",\"name\":\"Taste of Africa\",\"description\":\"Taste of Africa\",\"publisher\":{\"@id\":\"https:\\\/\\\/www.taste-africa.com\\\/#organization\"},\"potentialAction\":[{\"@type\":\"SearchAction\",\"target\":{\"@type\":\"EntryPoint\",\"urlTemplate\":\"https:\\\/\\\/www.taste-africa.com\\\/?s={search_term_string}\"},\"query-input\":{\"@type\":\"PropertyValueSpecification\",\"valueRequired\":true,\"valueName\":\"search_term_string\"}}],\"inLanguage\":\"sv-SE\"},{\"@type\":\"Organization\",\"@id\":\"https:\\\/\\\/www.taste-africa.com\\\/#organization\",\"name\":\"Taste of Africa\",\"url\":\"https:\\\/\\\/www.taste-africa.com\\\/\",\"logo\":{\"@type\":\"ImageObject\",\"inLanguage\":\"sv-SE\",\"@id\":\"https:\\\/\\\/www.taste-africa.com\\\/#\\\/schema\\\/logo\\\/image\\\/\",\"url\":\"https:\\\/\\\/www.taste-africa.com\\\/wp-content\\\/uploads\\\/2020\\\/08\\\/logo.png\",\"contentUrl\":\"https:\\\/\\\/www.taste-africa.com\\\/wp-content\\\/uploads\\\/2020\\\/08\\\/logo.png\",\"width\":444,\"height\":121,\"caption\":\"Taste of Africa\"},\"image\":{\"@id\":\"https:\\\/\\\/www.taste-africa.com\\\/#\\\/schema\\\/logo\\\/image\\\/\"},\"sameAs\":[\"https:\\\/\\\/www.facebook.com\\\/tasteofafricahedesunda\\\/\",\"https:\\\/\\\/www.instagram.com\\\/tasteofafricahedesunda\\\/\"]},{\"@type\":\"Person\",\"@id\":\"https:\\\/\\\/www.taste-africa.com\\\/#\\\/schema\\\/person\\\/83c67d02a9b12710048d12ae147c2a9e\",\"name\":\"admin\",\"image\":{\"@type\":\"ImageObject\",\"inLanguage\":\"sv-SE\",\"@id\":\"https:\\\/\\\/secure.gravatar.com\\\/avatar\\\/00485f46b61bf9d78ac10d7ba92c66e242663d958d7c24a0466a36c8870cb671?s=96&d=mm&r=g\",\"url\":\"https:\\\/\\\/secure.gravatar.com\\\/avatar\\\/00485f46b61bf9d78ac10d7ba92c66e242663d958d7c24a0466a36c8870cb671?s=96&d=mm&r=g\",\"contentUrl\":\"https:\\\/\\\/secure.gravatar.com\\\/avatar\\\/00485f46b61bf9d78ac10d7ba92c66e242663d958d7c24a0466a36c8870cb671?s=96&d=mm&r=g\",\"caption\":\"admin\"},\"sameAs\":[\"https:\\\/\\\/www.taste-africa.com\"],\"url\":\"https:\\\/\\\/www.taste-africa.com\\\/sv\\\/author\\\/webmaster\\\/\"}]}<\/script>\n<!-- \/ Yoast SEO plugin. -->","yoast_head_json":{"title":"African coffee - Taste of Africa","robots":{"index":"index","follow":"follow","max-snippet":"max-snippet:-1","max-image-preview":"max-image-preview:large","max-video-preview":"max-video-preview:-1"},"canonical":"https:\/\/www.taste-africa.com\/sv\/african-coffee\/","og_locale":"sv_SE","og_type":"article","og_title":"African coffee - Taste of Africa","og_description":"Taste of Africa coffee &#8211; Freshly Ground arabica Freshly ground arabica is a richly aromatic coffee, made from the finest arabica beans from the coffee plant Coffea arabica. It's a unique coffee that is exclusively packaged for Taste of Africa at our Cape Town roasters, framed by the rolling hills of the Cape Winelands on [&hellip;]","og_url":"https:\/\/www.taste-africa.com\/sv\/african-coffee\/","og_site_name":"Taste of Africa","article_publisher":"https:\/\/www.facebook.com\/tasteofafricahedesunda\/","article_published_time":"2021-04-26T06:54:49+00:00","article_modified_time":"2022-10-11T06:33:26+00:00","og_image":[{"width":600,"height":400,"url":"https:\/\/www.taste-africa.com\/wp-content\/uploads\/2021\/04\/freshly-ground.png","type":"image\/png"}],"author":"admin","twitter_card":"summary_large_image","twitter_misc":{"Skriven av":"admin","Ber\u00e4knad l\u00e4stid":"8 minuter"},"schema":{"@context":"https:\/\/schema.org","@graph":[{"@type":"Article","@id":"https:\/\/www.taste-africa.com\/sv\/african-coffee\/#article","isPartOf":{"@id":"https:\/\/www.taste-africa.com\/sv\/african-coffee\/"},"author":{"name":"admin","@id":"https:\/\/www.taste-africa.com\/#\/schema\/person\/83c67d02a9b12710048d12ae147c2a9e"},"headline":"African coffee","datePublished":"2021-04-26T06:54:49+00:00","dateModified":"2022-10-11T06:33:26+00:00","mainEntityOfPage":{"@id":"https:\/\/www.taste-africa.com\/sv\/african-coffee\/"},"wordCount":1579,"publisher":{"@id":"https:\/\/www.taste-africa.com\/#organization"},"image":{"@id":"https:\/\/www.taste-africa.com\/sv\/african-coffee\/#primaryimage"},"thumbnailUrl":"https:\/\/www.taste-africa.com\/wp-content\/uploads\/2021\/04\/freshly-ground.png","articleSection":["Uncategorized"],"inLanguage":"sv-SE"},{"@type":"WebPage","@id":"https:\/\/www.taste-africa.com\/sv\/african-coffee\/","url":"https:\/\/www.taste-africa.com\/sv\/african-coffee\/","name":"African coffee - Taste of Africa","isPartOf":{"@id":"https:\/\/www.taste-africa.com\/#website"},"primaryImageOfPage":{"@id":"https:\/\/www.taste-africa.com\/sv\/african-coffee\/#primaryimage"},"image":{"@id":"https:\/\/www.taste-africa.com\/sv\/african-coffee\/#primaryimage"},"thumbnailUrl":"https:\/\/www.taste-africa.com\/wp-content\/uploads\/2021\/04\/freshly-ground.png","datePublished":"2021-04-26T06:54:49+00:00","dateModified":"2022-10-11T06:33:26+00:00","breadcrumb":{"@id":"https:\/\/www.taste-africa.com\/sv\/african-coffee\/#breadcrumb"},"inLanguage":"sv-SE","potentialAction":[{"@type":"ReadAction","target":["https:\/\/www.taste-africa.com\/sv\/african-coffee\/"]}]},{"@type":"ImageObject","inLanguage":"sv-SE","@id":"https:\/\/www.taste-africa.com\/sv\/african-coffee\/#primaryimage","url":"https:\/\/www.taste-africa.com\/wp-content\/uploads\/2021\/04\/freshly-ground.png","contentUrl":"https:\/\/www.taste-africa.com\/wp-content\/uploads\/2021\/04\/freshly-ground.png","width":600,"height":400},{"@type":"BreadcrumbList","@id":"https:\/\/www.taste-africa.com\/sv\/african-coffee\/#breadcrumb","itemListElement":[{"@type":"ListItem","position":1,"name":"Home","item":"https:\/\/www.taste-africa.com\/"},{"@type":"ListItem","position":2,"name":"African coffee"}]},{"@type":"WebSite","@id":"https:\/\/www.taste-africa.com\/#website","url":"https:\/\/www.taste-africa.com\/","name":"Taste of Africa","description":"Taste of Africa","publisher":{"@id":"https:\/\/www.taste-africa.com\/#organization"},"potentialAction":[{"@type":"SearchAction","target":{"@type":"EntryPoint","urlTemplate":"https:\/\/www.taste-africa.com\/?s={search_term_string}"},"query-input":{"@type":"PropertyValueSpecification","valueRequired":true,"valueName":"search_term_string"}}],"inLanguage":"sv-SE"},{"@type":"Organization","@id":"https:\/\/www.taste-africa.com\/#organization","name":"Taste of Africa","url":"https:\/\/www.taste-africa.com\/","logo":{"@type":"ImageObject","inLanguage":"sv-SE","@id":"https:\/\/www.taste-africa.com\/#\/schema\/logo\/image\/","url":"https:\/\/www.taste-africa.com\/wp-content\/uploads\/2020\/08\/logo.png","contentUrl":"https:\/\/www.taste-africa.com\/wp-content\/uploads\/2020\/08\/logo.png","width":444,"height":121,"caption":"Taste of Africa"},"image":{"@id":"https:\/\/www.taste-africa.com\/#\/schema\/logo\/image\/"},"sameAs":["https:\/\/www.facebook.com\/tasteofafricahedesunda\/","https:\/\/www.instagram.com\/tasteofafricahedesunda\/"]},{"@type":"Person","@id":"https:\/\/www.taste-africa.com\/#\/schema\/person\/83c67d02a9b12710048d12ae147c2a9e","name":"admin","image":{"@type":"ImageObject","inLanguage":"sv-SE","@id":"https:\/\/secure.gravatar.com\/avatar\/00485f46b61bf9d78ac10d7ba92c66e242663d958d7c24a0466a36c8870cb671?s=96&d=mm&r=g","url":"https:\/\/secure.gravatar.com\/avatar\/00485f46b61bf9d78ac10d7ba92c66e242663d958d7c24a0466a36c8870cb671?s=96&d=mm&r=g","contentUrl":"https:\/\/secure.gravatar.com\/avatar\/00485f46b61bf9d78ac10d7ba92c66e242663d958d7c24a0466a36c8870cb671?s=96&d=mm&r=g","caption":"admin"},"sameAs":["https:\/\/www.taste-africa.com"],"url":"https:\/\/www.taste-africa.com\/sv\/author\/webmaster\/"}]}},"_links":{"self":[{"href":"https:\/\/www.taste-africa.com\/sv\/wp-json\/wp\/v2\/posts\/4099","targetHints":{"allow":["GET"]}}],"collection":[{"href":"https:\/\/www.taste-africa.com\/sv\/wp-json\/wp\/v2\/posts"}],"about":[{"href":"https:\/\/www.taste-africa.com\/sv\/wp-json\/wp\/v2\/types\/post"}],"author":[{"embeddable":true,"href":"https:\/\/www.taste-africa.com\/sv\/wp-json\/wp\/v2\/users\/1"}],"replies":[{"embeddable":true,"href":"https:\/\/www.taste-africa.com\/sv\/wp-json\/wp\/v2\/comments?post=4099"}],"version-history":[{"count":107,"href":"https:\/\/www.taste-africa.com\/sv\/wp-json\/wp\/v2\/posts\/4099\/revisions"}],"predecessor-version":[{"id":7752,"href":"https:\/\/www.taste-africa.com\/sv\/wp-json\/wp\/v2\/posts\/4099\/revisions\/7752"}],"wp:featuredmedia":[{"embeddable":true,"href":"https:\/\/www.taste-africa.com\/sv\/wp-json\/wp\/v2\/media\/3087"}],"wp:attachment":[{"href":"https:\/\/www.taste-africa.com\/sv\/wp-json\/wp\/v2\/media?parent=4099"}],"wp:term":[{"taxonomy":"category","embeddable":true,"href":"https:\/\/www.taste-africa.com\/sv\/wp-json\/wp\/v2\/categories?post=4099"},{"taxonomy":"post_tag","embeddable":true,"href":"https:\/\/www.taste-africa.com\/sv\/wp-json\/wp\/v2\/tags?post=4099"}],"curies":[{"name":"wp","href":"https:\/\/api.w.org\/{rel}","templated":true}]}}