{"id":6630,"date":"2022-04-21T06:08:09","date_gmt":"2022-04-21T06:08:09","guid":{"rendered":"https:\/\/www.taste-africa.com\/?p=6630"},"modified":"2022-04-21T06:08:43","modified_gmt":"2022-04-21T06:08:43","slug":"calendar-2021","status":"publish","type":"post","link":"https:\/\/www.taste-africa.com\/sv\/calendar-2021\/","title":{"rendered":"Kalender 2021"},"content":{"rendered":"<p>Vi vet lite om framtiden. S\u00e5 med reservation f\u00f6r of\u00f6rutsedda omst\u00e4ndigheter som kan p\u00e5verka v\u00e5ra \u00f6ppettider med kort varsel presenterar vi d\u00e4rf\u00f6r \u00e5rets planer ganska grovt. Ett varmt v\u00e4lkomnande!<\/p>\n\n\n\n<h5 class=\"wp-block-heading\">Winter Caf\u00e9<\/h5>\n\n\n\n<p>We long to see you again, and we long for spring and summer! So much that we are planning a Winter Caf\u00e9 during the weeks 8 to 12. But only on days when it's lovely in the sun, and our log fires burning. We will not place any newspaper ads. Instead, we will post details on opening days &amp; hours in the same week in Facebook and Instagram,&nbsp;<a href=\"https:\/\/www.instagram.com\/tasteofafricahedesunda\/\">@tasteofafricahedesunda<\/a>, 0291-61025, 070-2642109<\/p>\n\n\n\n<p><strong>Vi f\u00f6ljer noggrant FHM: s tillf\u00e4lliga regler och regler som g\u00e4ller f\u00f6r f\u00f6retag som serverar mat och butiker.<\/strong>\u00a0Maximum 3 visitors are therefore allowed into the shop. The minimum social distance is 2 metres (shop) and 1 metre in between tables at the Caf\u00e9. In the Caf\u00e9, we will serve your orders at the table as usual. Maximum 4 persons are allowed to be seated at the same table. During Baobab Kitchen cookings, your social distance will be 2 meters, while working in small groups (2-4 in each), taking turns cooking over the fire. You will be seated at many smaller tables (2-4 per table). More info on Baobab Kitchen will follow a little closer to spring! We care about you! \u00c5sa &amp; Nolan<\/p>\n\n\n\n<div style=\"margin: 50px 15% 50px 15%; background-color: #ffd8bc; color:#333 !important;\">\n\t\t\t\t\t<div style=\"position: relative; top: -20px; left: -20px; padding: 20px; background: #f5ada9; border: 1px solid #f9c74f;\">\n\n\t\t\t\t\t\t<img decoding=\"async\" src=\"\/wp-content\/uploads\/2020\/08\/vygies.png\">\n\n\t\t\t\t\t<p><strong>27-28 februari &amp; mars vecka 8 till vecka 12<\/strong><br>\n\t\t\t\t\tWinter Caf\u00e9 &amp; shop open from 11 to 16 Saturday &amp; Sunday, perhaps some more days\n\t\t\t\t\tduring the school holiday in week 9. We can only decide that same week if and when we\n\t\t\t\t\twill be open &#8211; it all depends on the weather and snow conditions! Thanks for\n\t\t\t\t\tunderstanding! Please check our posts on Facebook and Instagram,\n\t\t\t\t\t<a href=\"https:\/\/www.instagram.com\/tasteofafricahedesunda\/\">@tasteofafricahedesunda<\/a>, 0291-61025, 070-2642109.<\/p>\n\n\n\t\t\t\t\t<p><strong>Maj &amp; juni 2-4 juli vecka 19 till vecka 26<\/strong><br>\n\t\t\t\t\tTaste of Africa Farm Stall &amp; Caf\u00e9 will be open Friday, Saturday &amp; Sunday, from 11 to 16.<br>\n\t\t\t\t\t* Baobab Kitchen. We accept bookings from May 14 on Fridays &amp; Saturdays between 18\n\t\t\t\t\tand 22, and Monday &#8211; Thursday between 13 and 22 (bookings are 4 hours).<br>\n\t\t\t\t\t* We are closed on Midsummer's Eve (25\/6) and certain days during the following week\n\t\t\t\t\t(28-30\/6 &amp; 1\/7).<\/p>\n\n\n\t\t\t\t\t<p><strong>Juli och 1 augusti, vecka 27 till vecka 30<\/strong><br>\n\t\t\t\t\t* Taste of Africa Farm Stall &amp; Caf\u00e9 will be open Friday, Saturday &amp; Sunday, from 11 to 16.<br>\n\t\t\t\t\t* Baobab Kitchen will be open for bookings for Wednesdays and Saturdays between 18\n\t\t\t\t\tand 22 Mondays &amp; Tuesdays are closed.<\/p>\n\n\t\t\t\t\t<p><strong>Augusti vecka 31 och vecka 32<\/strong><br>\n\t\t\t\t\t* Taste of Africa Farmstall &amp; Caf\u00e9 will be open Wednesday to Sunday from 11 to 16.\n\t\t\t\t\tMondays &amp; Tuesdays are closed.<br>\n\t\t\t\t\t* Baobab Kitchen will be open for bookings Wednesdays and Saturdays between 18 and\n\t\t\t\t\t22.<br>\n\t\t\t\t\t* Afrodance Cooking &#8211; a magical evening of food and african dance on Friday the 13th of\n\t\t\t\t\tAugust from 18 to 22. More information on how we will host it Corona-safely, will be\n\t\t\t\t\tupdated nearer the date.<\/p>\n\n\t\t\t\t\t<p><strong>Augusti vecka 33 till vecka 34<\/strong><br>\n\t\t\t\t\t* Farmstall and Caf\u00e9 is open Saturday &amp; Sunday from 11 to 16.<br>\n\t\t\t\t\t* Baobab Kitchen \u00e4r \u00f6ppet f\u00f6r bokningar p\u00e5 fredagar och l\u00f6rdagar mellan 18 och 22.<\/p>\n\n\n\t\t\t\t\t<p><strong>September vecka 35 till vecka 38<\/strong><br>\n\t\t\t\t\t* Farmstall and Caf\u00e9 is open Saturday &amp; Sunday 11-16.<br>\n\t\t\t\t\t* Baobab Kitchen \u00e4r \u00f6ppet f\u00f6r bokningar p\u00e5 fredagar och l\u00f6rdagar mellan 18 och 22.<\/p>\n\n\t\t\t\t\t<img decoding=\"async\" src=\"\/wp-content\/uploads\/2020\/08\/vygies.png\">\n\n\t\t\t\t\t<\/div>\n\t\t\t\t\t<\/div>","protected":false},"excerpt":{"rendered":"<p>We know little about the future. So with reservation for unforeseen circumstances that may affect our opening hours on a short notice, we therefore present this year's plans rather roughly. A warm welcome! Winter Caf\u00e9 We long to see you again, and we long for spring and summer! So much that we are planning a [&hellip;]<\/p>\n","protected":false},"author":1,"featured_media":0,"comment_status":"open","ping_status":"closed","sticky":false,"template":"elementor_header_footer","format":"standard","meta":{"inline_featured_image":false,"footnotes":""},"categories":[228],"tags":[],"class_list":["post-6630","post","type-post","status-publish","format-standard","hentry","category-calendar"],"yoast_head":"<!-- This site is optimized with the Yoast SEO plugin v27.3 - https:\/\/yoast.com\/product\/yoast-seo-wordpress\/ -->\n<title>Calendar 2021 - Taste of Africa<\/title>\n<meta name=\"robots\" content=\"index, follow, max-snippet:-1, max-image-preview:large, max-video-preview:-1\" \/>\n<link rel=\"canonical\" href=\"https:\/\/www.taste-africa.com\/sv\/calendar-2021\/\" \/>\n<meta property=\"og:locale\" content=\"sv_SE\" \/>\n<meta property=\"og:type\" content=\"article\" \/>\n<meta property=\"og:title\" content=\"Calendar 2021 - Taste of Africa\" \/>\n<meta property=\"og:description\" content=\"We know little about the future. So with reservation for unforeseen circumstances that may affect our opening hours on a short notice, we therefore present this year&#039;s plans rather roughly. A warm welcome! Winter Caf\u00e9 We long to see you again, and we long for spring and summer! So much that we are planning a [&hellip;]\" \/>\n<meta property=\"og:url\" content=\"https:\/\/www.taste-africa.com\/sv\/calendar-2021\/\" \/>\n<meta property=\"og:site_name\" content=\"Taste of Africa\" \/>\n<meta property=\"article:publisher\" content=\"https:\/\/www.facebook.com\/tasteofafricahedesunda\/\" \/>\n<meta property=\"article:published_time\" content=\"2022-04-21T06:08:09+00:00\" \/>\n<meta property=\"article:modified_time\" content=\"2022-04-21T06:08:43+00:00\" \/>\n<meta name=\"author\" content=\"admin\" \/>\n<meta name=\"twitter:card\" content=\"summary_large_image\" \/>\n<meta name=\"twitter:label1\" content=\"Skriven av\" \/>\n\t<meta name=\"twitter:data1\" content=\"admin\" \/>\n\t<meta name=\"twitter:label2\" content=\"Ber\u00e4knad l\u00e4stid\" \/>\n\t<meta name=\"twitter:data2\" content=\"3 minuter\" \/>\n<script type=\"application\/ld+json\" class=\"yoast-schema-graph\">{\"@context\":\"https:\\\/\\\/schema.org\",\"@graph\":[{\"@type\":\"Article\",\"@id\":\"https:\\\/\\\/www.taste-africa.com\\\/en\\\/calendar-2021\\\/#article\",\"isPartOf\":{\"@id\":\"https:\\\/\\\/www.taste-africa.com\\\/en\\\/calendar-2021\\\/\"},\"author\":{\"name\":\"admin\",\"@id\":\"https:\\\/\\\/www.taste-africa.com\\\/#\\\/schema\\\/person\\\/83c67d02a9b12710048d12ae147c2a9e\"},\"headline\":\"Calendar 2021\",\"datePublished\":\"2022-04-21T06:08:09+00:00\",\"dateModified\":\"2022-04-21T06:08:43+00:00\",\"mainEntityOfPage\":{\"@id\":\"https:\\\/\\\/www.taste-africa.com\\\/en\\\/calendar-2021\\\/\"},\"wordCount\":513,\"commentCount\":0,\"publisher\":{\"@id\":\"https:\\\/\\\/www.taste-africa.com\\\/#organization\"},\"articleSection\":[\"Calendar\"],\"inLanguage\":\"sv-SE\",\"potentialAction\":[{\"@type\":\"CommentAction\",\"name\":\"Comment\",\"target\":[\"https:\\\/\\\/www.taste-africa.com\\\/en\\\/calendar-2021\\\/#respond\"]}]},{\"@type\":\"WebPage\",\"@id\":\"https:\\\/\\\/www.taste-africa.com\\\/en\\\/calendar-2021\\\/\",\"url\":\"https:\\\/\\\/www.taste-africa.com\\\/en\\\/calendar-2021\\\/\",\"name\":\"Calendar 2021 - Taste of Africa\",\"isPartOf\":{\"@id\":\"https:\\\/\\\/www.taste-africa.com\\\/#website\"},\"datePublished\":\"2022-04-21T06:08:09+00:00\",\"dateModified\":\"2022-04-21T06:08:43+00:00\",\"breadcrumb\":{\"@id\":\"https:\\\/\\\/www.taste-africa.com\\\/en\\\/calendar-2021\\\/#breadcrumb\"},\"inLanguage\":\"sv-SE\",\"potentialAction\":[{\"@type\":\"ReadAction\",\"target\":[\"https:\\\/\\\/www.taste-africa.com\\\/en\\\/calendar-2021\\\/\"]}]},{\"@type\":\"BreadcrumbList\",\"@id\":\"https:\\\/\\\/www.taste-africa.com\\\/en\\\/calendar-2021\\\/#breadcrumb\",\"itemListElement\":[{\"@type\":\"ListItem\",\"position\":1,\"name\":\"Home\",\"item\":\"https:\\\/\\\/www.taste-africa.com\\\/\"},{\"@type\":\"ListItem\",\"position\":2,\"name\":\"Calendar 2021\"}]},{\"@type\":\"WebSite\",\"@id\":\"https:\\\/\\\/www.taste-africa.com\\\/#website\",\"url\":\"https:\\\/\\\/www.taste-africa.com\\\/\",\"name\":\"Taste of Africa\",\"description\":\"Taste of Africa\",\"publisher\":{\"@id\":\"https:\\\/\\\/www.taste-africa.com\\\/#organization\"},\"potentialAction\":[{\"@type\":\"SearchAction\",\"target\":{\"@type\":\"EntryPoint\",\"urlTemplate\":\"https:\\\/\\\/www.taste-africa.com\\\/?s={search_term_string}\"},\"query-input\":{\"@type\":\"PropertyValueSpecification\",\"valueRequired\":true,\"valueName\":\"search_term_string\"}}],\"inLanguage\":\"sv-SE\"},{\"@type\":\"Organization\",\"@id\":\"https:\\\/\\\/www.taste-africa.com\\\/#organization\",\"name\":\"Taste of Africa\",\"url\":\"https:\\\/\\\/www.taste-africa.com\\\/\",\"logo\":{\"@type\":\"ImageObject\",\"inLanguage\":\"sv-SE\",\"@id\":\"https:\\\/\\\/www.taste-africa.com\\\/#\\\/schema\\\/logo\\\/image\\\/\",\"url\":\"https:\\\/\\\/www.taste-africa.com\\\/wp-content\\\/uploads\\\/2020\\\/08\\\/logo.png\",\"contentUrl\":\"https:\\\/\\\/www.taste-africa.com\\\/wp-content\\\/uploads\\\/2020\\\/08\\\/logo.png\",\"width\":444,\"height\":121,\"caption\":\"Taste of Africa\"},\"image\":{\"@id\":\"https:\\\/\\\/www.taste-africa.com\\\/#\\\/schema\\\/logo\\\/image\\\/\"},\"sameAs\":[\"https:\\\/\\\/www.facebook.com\\\/tasteofafricahedesunda\\\/\",\"https:\\\/\\\/www.instagram.com\\\/tasteofafricahedesunda\\\/\"]},{\"@type\":\"Person\",\"@id\":\"https:\\\/\\\/www.taste-africa.com\\\/#\\\/schema\\\/person\\\/83c67d02a9b12710048d12ae147c2a9e\",\"name\":\"admin\",\"image\":{\"@type\":\"ImageObject\",\"inLanguage\":\"sv-SE\",\"@id\":\"https:\\\/\\\/secure.gravatar.com\\\/avatar\\\/00485f46b61bf9d78ac10d7ba92c66e242663d958d7c24a0466a36c8870cb671?s=96&d=mm&r=g\",\"url\":\"https:\\\/\\\/secure.gravatar.com\\\/avatar\\\/00485f46b61bf9d78ac10d7ba92c66e242663d958d7c24a0466a36c8870cb671?s=96&d=mm&r=g\",\"contentUrl\":\"https:\\\/\\\/secure.gravatar.com\\\/avatar\\\/00485f46b61bf9d78ac10d7ba92c66e242663d958d7c24a0466a36c8870cb671?s=96&d=mm&r=g\",\"caption\":\"admin\"},\"sameAs\":[\"https:\\\/\\\/www.taste-africa.com\"],\"url\":\"https:\\\/\\\/www.taste-africa.com\\\/sv\\\/author\\\/webmaster\\\/\"}]}<\/script>\n<!-- \/ Yoast SEO plugin. -->","yoast_head_json":{"title":"Calendar 2021 - Taste of Africa","robots":{"index":"index","follow":"follow","max-snippet":"max-snippet:-1","max-image-preview":"max-image-preview:large","max-video-preview":"max-video-preview:-1"},"canonical":"https:\/\/www.taste-africa.com\/sv\/calendar-2021\/","og_locale":"sv_SE","og_type":"article","og_title":"Calendar 2021 - Taste of Africa","og_description":"We know little about the future. So with reservation for unforeseen circumstances that may affect our opening hours on a short notice, we therefore present this year's plans rather roughly. A warm welcome! Winter Caf\u00e9 We long to see you again, and we long for spring and summer! So much that we are planning a [&hellip;]","og_url":"https:\/\/www.taste-africa.com\/sv\/calendar-2021\/","og_site_name":"Taste of Africa","article_publisher":"https:\/\/www.facebook.com\/tasteofafricahedesunda\/","article_published_time":"2022-04-21T06:08:09+00:00","article_modified_time":"2022-04-21T06:08:43+00:00","author":"admin","twitter_card":"summary_large_image","twitter_misc":{"Skriven av":"admin","Ber\u00e4knad l\u00e4stid":"3 minuter"},"schema":{"@context":"https:\/\/schema.org","@graph":[{"@type":"Article","@id":"https:\/\/www.taste-africa.com\/en\/calendar-2021\/#article","isPartOf":{"@id":"https:\/\/www.taste-africa.com\/en\/calendar-2021\/"},"author":{"name":"admin","@id":"https:\/\/www.taste-africa.com\/#\/schema\/person\/83c67d02a9b12710048d12ae147c2a9e"},"headline":"Calendar 2021","datePublished":"2022-04-21T06:08:09+00:00","dateModified":"2022-04-21T06:08:43+00:00","mainEntityOfPage":{"@id":"https:\/\/www.taste-africa.com\/en\/calendar-2021\/"},"wordCount":513,"commentCount":0,"publisher":{"@id":"https:\/\/www.taste-africa.com\/#organization"},"articleSection":["Calendar"],"inLanguage":"sv-SE","potentialAction":[{"@type":"CommentAction","name":"Comment","target":["https:\/\/www.taste-africa.com\/en\/calendar-2021\/#respond"]}]},{"@type":"WebPage","@id":"https:\/\/www.taste-africa.com\/en\/calendar-2021\/","url":"https:\/\/www.taste-africa.com\/en\/calendar-2021\/","name":"Calendar 2021 - Taste of Africa","isPartOf":{"@id":"https:\/\/www.taste-africa.com\/#website"},"datePublished":"2022-04-21T06:08:09+00:00","dateModified":"2022-04-21T06:08:43+00:00","breadcrumb":{"@id":"https:\/\/www.taste-africa.com\/en\/calendar-2021\/#breadcrumb"},"inLanguage":"sv-SE","potentialAction":[{"@type":"ReadAction","target":["https:\/\/www.taste-africa.com\/en\/calendar-2021\/"]}]},{"@type":"BreadcrumbList","@id":"https:\/\/www.taste-africa.com\/en\/calendar-2021\/#breadcrumb","itemListElement":[{"@type":"ListItem","position":1,"name":"Home","item":"https:\/\/www.taste-africa.com\/"},{"@type":"ListItem","position":2,"name":"Calendar 2021"}]},{"@type":"WebSite","@id":"https:\/\/www.taste-africa.com\/#website","url":"https:\/\/www.taste-africa.com\/","name":"Taste of Africa","description":"Taste of Africa","publisher":{"@id":"https:\/\/www.taste-africa.com\/#organization"},"potentialAction":[{"@type":"SearchAction","target":{"@type":"EntryPoint","urlTemplate":"https:\/\/www.taste-africa.com\/?s={search_term_string}"},"query-input":{"@type":"PropertyValueSpecification","valueRequired":true,"valueName":"search_term_string"}}],"inLanguage":"sv-SE"},{"@type":"Organization","@id":"https:\/\/www.taste-africa.com\/#organization","name":"Taste of Africa","url":"https:\/\/www.taste-africa.com\/","logo":{"@type":"ImageObject","inLanguage":"sv-SE","@id":"https:\/\/www.taste-africa.com\/#\/schema\/logo\/image\/","url":"https:\/\/www.taste-africa.com\/wp-content\/uploads\/2020\/08\/logo.png","contentUrl":"https:\/\/www.taste-africa.com\/wp-content\/uploads\/2020\/08\/logo.png","width":444,"height":121,"caption":"Taste of Africa"},"image":{"@id":"https:\/\/www.taste-africa.com\/#\/schema\/logo\/image\/"},"sameAs":["https:\/\/www.facebook.com\/tasteofafricahedesunda\/","https:\/\/www.instagram.com\/tasteofafricahedesunda\/"]},{"@type":"Person","@id":"https:\/\/www.taste-africa.com\/#\/schema\/person\/83c67d02a9b12710048d12ae147c2a9e","name":"admin","image":{"@type":"ImageObject","inLanguage":"sv-SE","@id":"https:\/\/secure.gravatar.com\/avatar\/00485f46b61bf9d78ac10d7ba92c66e242663d958d7c24a0466a36c8870cb671?s=96&d=mm&r=g","url":"https:\/\/secure.gravatar.com\/avatar\/00485f46b61bf9d78ac10d7ba92c66e242663d958d7c24a0466a36c8870cb671?s=96&d=mm&r=g","contentUrl":"https:\/\/secure.gravatar.com\/avatar\/00485f46b61bf9d78ac10d7ba92c66e242663d958d7c24a0466a36c8870cb671?s=96&d=mm&r=g","caption":"admin"},"sameAs":["https:\/\/www.taste-africa.com"],"url":"https:\/\/www.taste-africa.com\/sv\/author\/webmaster\/"}]}},"_links":{"self":[{"href":"https:\/\/www.taste-africa.com\/sv\/wp-json\/wp\/v2\/posts\/6630","targetHints":{"allow":["GET"]}}],"collection":[{"href":"https:\/\/www.taste-africa.com\/sv\/wp-json\/wp\/v2\/posts"}],"about":[{"href":"https:\/\/www.taste-africa.com\/sv\/wp-json\/wp\/v2\/types\/post"}],"author":[{"embeddable":true,"href":"https:\/\/www.taste-africa.com\/sv\/wp-json\/wp\/v2\/users\/1"}],"replies":[{"embeddable":true,"href":"https:\/\/www.taste-africa.com\/sv\/wp-json\/wp\/v2\/comments?post=6630"}],"version-history":[{"count":1,"href":"https:\/\/www.taste-africa.com\/sv\/wp-json\/wp\/v2\/posts\/6630\/revisions"}],"predecessor-version":[{"id":6631,"href":"https:\/\/www.taste-africa.com\/sv\/wp-json\/wp\/v2\/posts\/6630\/revisions\/6631"}],"wp:attachment":[{"href":"https:\/\/www.taste-africa.com\/sv\/wp-json\/wp\/v2\/media?parent=6630"}],"wp:term":[{"taxonomy":"category","embeddable":true,"href":"https:\/\/www.taste-africa.com\/sv\/wp-json\/wp\/v2\/categories?post=6630"},{"taxonomy":"post_tag","embeddable":true,"href":"https:\/\/www.taste-africa.com\/sv\/wp-json\/wp\/v2\/tags?post=6630"}],"curies":[{"name":"wp","href":"https:\/\/api.w.org\/{rel}","templated":true}]}}